{"id":1266,"date":"2020-06-12T23:18:19","date_gmt":"2020-06-12T22:18:19","guid":{"rendered":"https:\/\/databassist.com\/music\/?p=1266"},"modified":"2020-06-13T08:16:30","modified_gmt":"2020-06-13T07:16:30","slug":"the-songs-we-remember-are-the-sad-songs","status":"publish","type":"post","link":"https:\/\/databassist.com\/music\/archives\/1266","title":{"rendered":"The songs we remember are the sad songs"},"content":{"rendered":"\n<p>French <a href=\"\/music\/archives\/tag\/songs-of-love\">songs of love<\/a> have their own special character, determined not only by the linguistics of the language but also by France&#8217;s strong tradition of singer-songwriting with its penchant for intellectual introspection and the beauties of melancholy. &#8216;The songs we remember are the sad, romantic songs,&#8217; says Fran\u00e7oise Hardy &#8212; and she should know, having sung hundreds, many of them written by herself, in a career spanning every decade since the early 60s. Today she is perhaps best known for her versions of <em>Message personnel<\/em>, a song of uncertain love with its regrets and inhibitions, released in 1973, that helped to relaunch her career by fashioning her as an artist with a serious style. The sung part was written by the singer-songwriter Michel Berger; at his urging, Hardy wrote the added spoken lyrics and chose the title.<\/p>\n\n\n\n<div class=\"wp-block-columns is-layout-flex wp-container-core-columns-layout-2 wp-block-columns-is-layout-flex\">\n<div class=\"wp-block-column is-layout-flow wp-block-column-is-layout-flow\" style=\"flex-basis:33.33%\">\n<p>She also recorded an adapted version in English (available <a rel=\"noreferrer noopener\" href=\"https:\/\/www.youtube.com\/watch?v=N9d5_ALtiTc\" target=\"_blank\">here<\/a>), which has a less bleak message: the self-loathing of &#8216;je me d\u00e9teste&#8217; is avoided. The translation below is closer to the original French lyrics.<\/p>\n\n\n\n<pre class=\"wp-block-verse\"><font color=\"blue\">At the end of the line is your voice\nand there are words I will not say.\nAll these words that scare us \nwhen they don\u2019t make us laugh,\nthat are found in so many movies, songs or books.\nI would want to tell them to you \nand I would want to live them.\nI will not, I want to, I cannot.\n\nI\u2019m dying of loneliness, \nand I know where you live.\nI\u2019ll be there, wait for me, \nwe\u2019ll soon get to know each other.\nTake your time, for you I\u2019ll have plenty.\n\nI would like to get there, \nI\u2019m staying here, I hate myself.\nI will not get there, I want to, I cannot.\nI should speak to you, I should make it,\nor I should just get some sleep.\n\nI fear you won\u2019t hear me, \nI fear you will turn out a coward.\nI\u2019m scared to come across as indiscreet.\nI cannot tell you that, \nmaybe, I am in love with you.\n\nBut if you think one day you love me\ndon\u2019t go thinking your story will deter me\nand run, run out of breath,\ncome and find me.\nIf you think you love me one day,\nand if that day you are having a hard time\nfinding where all these paths lead you,\ncome and find me.\n\nIf you feel nauseous from this life,\nif you have become numb from this life,\nthink of me, think of me.\n\nBut if you think one day you love me\ndo not consider it a problem\nand run, run out of breath,\ncome and find me.\nIf you think one day you love me\ndon\u2019t wait a day, not a week,\nas you never know where life will take you,\ncome and find me.\n\nIf you feel disgusted from this life,\nif you have become numb from this life,\nthink of me, think of me.\n \nBut if you...<\/font><\/pre>\n\n\n\n<p>Translation from <a href=\"https:\/\/lyricstranslate.com\/en\/message-personnel-private-message.html#songtranslation\" target=\"_blank\" rel=\"noreferrer noopener\">lyricstranslate.com<\/a><\/p>\n<\/div>\n\n\n\n<div class=\"wp-block-column is-layout-flow wp-block-column-is-layout-flow\" style=\"flex-basis:66.66%\">\n<iframe loading=\"lazy\" src=\"https:\/\/www.youtube-nocookie.com\/embed\/ANchsQz11po?start=0\" allow=\"accelerometer; autoplay; encrypted-media; gyroscope; picture-in-picture\" allowfullscreen=\"\" width=\"760\" height=\"560\" frameborder=\"0\"><\/iframe>\n\n\n\n<p class=\"has-text-align-center\">A TV broadcast from November 1973.<\/p>\n\n\n\n<div class=\"wp-block-columns is-layout-flex wp-container-core-columns-layout-1 wp-block-columns-is-layout-flex\">\n<div class=\"wp-block-column is-layout-flow wp-block-column-is-layout-flow\">\n<pre class=\"wp-block-verse\"><em>Au bout du t\u00e9l\u00e9phone il y a votre voix\net il y a des mots que je ne dirai pas,\ntous ces mots qui font peur \nquand ils ne font pas rire,\nqui sont dans trop de films, \nde chansons et de livres.\nJe voudrais vous les dire \net je voudrais les vivre.\nJe ne le ferai pas: je veux, je ne peux pas.\n\nJe suis seule \u00e0 crever, \net je sais o\u00f9 vous \u00eates.\nJ\u2019arrive, attendez-moi, \nnous allons nous conna\u00eetre.\nPr\u00e9parez votre temps, \npour vous j\u2019ai tout le mien.\n\nJe voudrais arriver, je reste, \nje me d\u00e9teste.\nJe n\u2019arriverai pas: je veux, je ne peux pas.\nJe devrais vous parler, je devrais arriver\nou je devrais dormir.\n\nJ\u2019ai peur que tu sois sourd, \nj\u2019ai peur que tu sois l\u00e2che,\nj\u2019ai peur d\u2019\u00eatre indiscr\u00e8te,\nje ne peux pas vous dire que je t\u2019aime peut-\u00eatre.<\/em><\/pre>\n<\/div>\n\n\n\n<div class=\"wp-block-column is-layout-flow wp-block-column-is-layout-flow\">\n<pre class=\"wp-block-verse\"><em>Mais si tu crois un jour que tu m\u2019aimes,\nne crois pas que tes souvenirs me g\u00eanent\net cours, cours jusqu\u2019\u00e0 perdre haleine,\nviens me retrouver.\nSi tu crois un jour que tu m\u2019aimes\net si ce jour-l\u00e0 tu as de la peine\n\u00e0 trouver o\u00f9 tous ces chemins te m\u00e8nent,\nviens me retrouver.\n\nSi le d\u00e9go\u00fbt de la vie vient en toi,\nsi la paresse de la vie\ts\u2019installe en toi,\npense \u00e0 moi, pense \u00e0 moi.\n\nMais si tu crois un jour que tu m\u2019aimes,\nne le consid\u00e8re pas comme un probl\u00e8me\net cours, cours jusqu\u2019\u00e0 perdre haleine,\nviens me retrouver.\nSi tu crois un jour que tu m\u2019aimes,\nn\u2019attends pas un jour, pas une semaine,\ncar tu ne sais pas o\u00f9 la vie t\u2019am\u00e8ne,\nviens me retrouver.\n\nSi le d\u00e9go\u00fbt de la vie vient en toi,\nsi la paresse de la vie s\u2019installe en toi,\npense \u00e0 moi, pense \u00e0 moi.\n \nMais si tu ...<\/em><\/pre>\n<\/div>\n<\/div>\n<\/div>\n<\/div>\n\n\n\n<div class=\"wp-block-columns is-layout-flex wp-container-core-columns-layout-3 wp-block-columns-is-layout-flex\">\n<div class=\"wp-block-column is-layout-flow wp-block-column-is-layout-flow\" style=\"flex-basis:33.33%\">\n<p>A performance in 2007, with an interview with France Gall, for a documentary made by Gall as a tribute to Michel Berger.<\/p>\n<\/div>\n\n\n\n<div class=\"wp-block-column is-layout-flow wp-block-column-is-layout-flow\" style=\"flex-basis:66.66%\">\n<iframe loading=\"lazy\" src=\"https:\/\/www.youtube-nocookie.com\/embed\/WUrxBCjdztw?start=5\" allow=\"accelerometer; autoplay; encrypted-media; gyroscope; picture-in-picture\" allowfullscreen=\"\" width=\"760\" height=\"560\" frameborder=\"0\"><\/iframe>\n<\/div>\n<\/div>\n\n\n\n<div class=\"wp-block-columns is-layout-flex wp-container-core-columns-layout-4 wp-block-columns-is-layout-flex\">\n<div class=\"wp-block-column is-layout-flow wp-block-column-is-layout-flow\">\n<p>Fran\u00e7oise Hardy &#8212; singer, songwriter, actor, fashion icon, author and now a national treasure &#8212;  has continued to write and record songs into her mid-70s. For her most recent album, <em>Personne d&#8217;autre<\/em> released in 2018, she returned to another melancholic song about uncertain love by Michel Berger: <em>Seras-tu l\u00e0?<\/em>, from 1975.<\/p>\n\n\n\n<iframe loading=\"lazy\" src=\"https:\/\/www.youtube-nocookie.com\/embed\/NoKGljFlC7g?start=0\" allow=\"accelerometer; autoplay; encrypted-media; gyroscope; picture-in-picture\" allowfullscreen=\"\" width=\"480\" height=\"360\" frameborder=\"0\"><\/iframe>\n\n\n\n<p>Earlier, in 2014, Hardy had recorded <a rel=\"noreferrer noopener\" href=\"https:\/\/www.youtube.com\/watch?v=qQ8y6dh4zbM\" target=\"_blank\">a duet version<\/a>, with Julien Clerc, in support of Sidaction, an association responding to the needs of people living with HIV.<\/p>\n<\/div>\n\n\n\n<div class=\"wp-block-column is-layout-flow wp-block-column-is-layout-flow\">\n<pre class=\"wp-block-verse\"><em>Et quand nos regrets\nviendront danser autour de nous,\nnous rendre fous,\nseras-tu l\u00e0?\n\nPour nos souvenirs et nos amours,\ninoubliables, inconsolables,\nseras-tu l\u00e0 ?\n\nPourras-tu suivre l\u00e0 ou je vais?\nSauras-tu vivre le plus mauvais?\nLa solitude, le temps qui passe\net l'habitude,\nregardes-les nos ennemis.\nDis-moi que oui,\ndis-moi que oui.\n\nQuand nos secrets n'auront plus cours,\net quand les jours auront pass\u00e9,\nseras-tu l\u00e0?\n\nPour nos soupirs sur le pass\u00e9\nque l'on voulait, que l'on r\u00eavait,\nseras-tu l\u00e0?\nLe plus mauvais, la solitude,\nle temps qui passe et l'habitude,\nreqardes-les nos ennemis.\nDis-moi que oui,\ndis-moi que oui.\nSeras-tu l\u00e0?\nSeras-tu l\u00e0?<\/em><\/pre>\n\n\n\n<p><\/p>\n<\/div>\n\n\n\n<div class=\"wp-block-column is-layout-flow wp-block-column-is-layout-flow\">\n<pre class=\"wp-block-verse\"><font color=\"blue\">And when our regrets will come\nand dance around us,\nmake us crazy,\nwill you be there?\n\nFor our memories and our loves,\nunforgettable, inconsolable,\nwill you be there?\n\nWill you be able to follow where I'm going?\nWill you be able to live the worst?\nLoneliness, time passing,\nand habits\n- watch them, our enemies.\nTell me you will,\ntell me you will.\n\nWhen our secrets will no longer take place,\nand when the days have passed,\nwill you be there?\n\nFor our sighs about the past\nthat we wanted, that we dreamt of,\nwill you be there?\nThe worst, loneliness,\ntime passing and habits\n- watch them, our enemies.\nTell me you will,\ntell me you will.\nWill you be there?\nWill you be there?<\/font><\/pre>\n\n\n\n<p>Translation from <a href=\"https:\/\/lyricstranslate.com\/en\/michel-berger-seras-tu-l%C3%A0-lyrics.html\">lyricstranslate.com<\/a><\/p>\n<\/div>\n<\/div>\n\n\n\n<div class=\"wp-block-columns is-layout-flex wp-container-core-columns-layout-5 wp-block-columns-is-layout-flex\">\n<div class=\"wp-block-column is-layout-flow wp-block-column-is-layout-flow\" style=\"flex-basis:33.33%\">\n<p>The composer, Michel Berger, performing <em>Seras-tu l\u00e0?<\/em> in June 1975.<\/p>\n<\/div>\n\n\n\n<div class=\"wp-block-column is-layout-flow wp-block-column-is-layout-flow\" style=\"flex-basis:66.66%\">\n<iframe loading=\"lazy\" src=\"https:\/\/www.youtube-nocookie.com\/embed\/bJtzg2Vpkp8?start=2&amp;end=219\" allow=\"accelerometer; autoplay; encrypted-media; gyroscope; picture-in-picture\" allowfullscreen=\"\" width=\"720\" height=\"480\" frameborder=\"0\"><\/iframe>\n<\/div>\n<\/div>\n\n\n\n<p><\/p>\n\n\n\n<p><\/p>\n\n\n\n<p><\/p>\n","protected":false},"excerpt":{"rendered":"<p>French songs of love have their own special character, determined not only by the linguistics of the language but also by France&#8217;s strong tradition of singer-songwriting with its penchant for intellectual introspection and the beauties of melancholy. &#8216;The songs we remember are the sad, romantic songs,&#8217; says Fran\u00e7oise Hardy &#8212; and she should know, having [&hellip;]<\/p>\n","protected":false},"author":1,"featured_media":0,"comment_status":"closed","ping_status":"closed","sticky":false,"template":"","format":"standard","meta":{"footnotes":""},"categories":[5],"tags":[165,163,131,164,112,120],"post_mailing_queue_ids":[],"_links":{"self":[{"href":"https:\/\/databassist.com\/music\/wp-json\/wp\/v2\/posts\/1266"}],"collection":[{"href":"https:\/\/databassist.com\/music\/wp-json\/wp\/v2\/posts"}],"about":[{"href":"https:\/\/databassist.com\/music\/wp-json\/wp\/v2\/types\/post"}],"author":[{"embeddable":true,"href":"https:\/\/databassist.com\/music\/wp-json\/wp\/v2\/users\/1"}],"replies":[{"embeddable":true,"href":"https:\/\/databassist.com\/music\/wp-json\/wp\/v2\/comments?post=1266"}],"version-history":[{"count":81,"href":"https:\/\/databassist.com\/music\/wp-json\/wp\/v2\/posts\/1266\/revisions"}],"predecessor-version":[{"id":1347,"href":"https:\/\/databassist.com\/music\/wp-json\/wp\/v2\/posts\/1266\/revisions\/1347"}],"wp:attachment":[{"href":"https:\/\/databassist.com\/music\/wp-json\/wp\/v2\/media?parent=1266"}],"wp:term":[{"taxonomy":"category","embeddable":true,"href":"https:\/\/databassist.com\/music\/wp-json\/wp\/v2\/categories?post=1266"},{"taxonomy":"post_tag","embeddable":true,"href":"https:\/\/databassist.com\/music\/wp-json\/wp\/v2\/tags?post=1266"}],"curies":[{"name":"wp","href":"https:\/\/api.w.org\/{rel}","templated":true}]}}